{"id":12,"date":"2015-06-15T22:26:20","date_gmt":"2015-06-15T22:26:20","guid":{"rendered":"http:\/\/petras-blog.eu\/?p=12"},"modified":"2015-08-03T11:51:45","modified_gmt":"2015-08-03T11:51:45","slug":"gender-mainstreaming-segen-oder-fluch","status":"publish","type":"post","link":"https:\/\/petras-blog.eu\/?p=12","title":{"rendered":"Gender Mainstreaming \u2013 Segen oder Fluch ?"},"content":{"rendered":"<p>Der Begriff Gender Mainstreaming und die Absicht dahinter, zumindest von europapolitischer und ordnungspolitischer Seite her, hat wenig mit dem zu tun, was in christliche Kreisen als Schreckenszenario dargestellt wird.: Ich gebe die Definition erst in Englisch, weil ich sie da klarer finde. Die deutschen \u00dcbersetzungen sprechen oft von Geschlechtergleicheit &#8211; das ist aber eine falsche \u00dcbersetzung.<\/p>\n<p>Gender mainstreaming is the integration of the gender perspective into every stage of policy processes \u2013 design, implementation, monitoring and evaluation \u2013 with a view to promoting equality between women and men. It means assessing how policies impact on the life and position of both women and men \u2013 and taking responsibility to re-address them if necessary. This is the way to make gender equality a concrete reality in the lives of women and men creating space for everyone within the organisations as well as in communities &#8211; to contribute to the process of articulating a shared vision of sustainable human development and translating it into reality.<\/p>\n<p>\u201eEinbeziehung der Dimension der Gleichstellung von Frauen und M\u00e4nnern in alle Politiken und Ma\u00dfnahmen der Gemeinschaft\u201c Gender-Mainstreaming bedeutet, dass in allen Phasen des politischen Prozesses \u2013 Planung, Durchf\u00fchrung, Monitoring und Evaluation \u2013 der Geschlechterperspektive Rechnung getragen wird. Ziel ist die F\u00f6rderung der Gleichstellung von Frauen und M\u00e4nnern. Nach dem Gender-Mainstreaming-Konzept sind politische Ma\u00dfnahmen stets daraufhin zu pr\u00fcfen, wie sie sich auf die Lebenssituation von Frauen und M\u00e4nnern auswirken, und gegebenenfalls neu zu \u00fcberdenken. Nur so kann Geschlechtergleichstellung zu einer Realit\u00e4t im Leben von Frauen und M\u00e4nnern werden. Allen Menschen \u2013 innerhalb von Organisationen und Gemeinschaften \u2013 muss die M\u00f6glichkeit er\u00f6ffnet werden, ihren Beitrag zu leisten zur Entwicklung einer gemeinsamen Vision einer nachhaltigen menschlichen Entwicklung und zur Verwirklichung dieser Vision beizutragen.<\/p>\n","protected":false},"excerpt":{"rendered":"<p>Der Begriff Gender Mainstreaming und die Absicht dahinter, zumindest von europapolitischer und ordnungspolitischer Seite her, hat wenig mit dem zu tun, was in christliche Kreisen als Schreckenszenario dargestellt wird.: Ich gebe die Definition erst in&#8230;<\/p>\n","protected":false},"author":1,"featured_media":25,"comment_status":"open","ping_status":"open","sticky":false,"template":"","format":"standard","meta":[],"categories":[5,6],"tags":[],"_links":{"self":[{"href":"https:\/\/petras-blog.eu\/index.php?rest_route=\/wp\/v2\/posts\/12"}],"collection":[{"href":"https:\/\/petras-blog.eu\/index.php?rest_route=\/wp\/v2\/posts"}],"about":[{"href":"https:\/\/petras-blog.eu\/index.php?rest_route=\/wp\/v2\/types\/post"}],"author":[{"embeddable":true,"href":"https:\/\/petras-blog.eu\/index.php?rest_route=\/wp\/v2\/users\/1"}],"replies":[{"embeddable":true,"href":"https:\/\/petras-blog.eu\/index.php?rest_route=%2Fwp%2Fv2%2Fcomments&post=12"}],"version-history":[{"count":1,"href":"https:\/\/petras-blog.eu\/index.php?rest_route=\/wp\/v2\/posts\/12\/revisions"}],"predecessor-version":[{"id":13,"href":"https:\/\/petras-blog.eu\/index.php?rest_route=\/wp\/v2\/posts\/12\/revisions\/13"}],"wp:featuredmedia":[{"embeddable":true,"href":"https:\/\/petras-blog.eu\/index.php?rest_route=\/wp\/v2\/media\/25"}],"wp:attachment":[{"href":"https:\/\/petras-blog.eu\/index.php?rest_route=%2Fwp%2Fv2%2Fmedia&parent=12"}],"wp:term":[{"taxonomy":"category","embeddable":true,"href":"https:\/\/petras-blog.eu\/index.php?rest_route=%2Fwp%2Fv2%2Fcategories&post=12"},{"taxonomy":"post_tag","embeddable":true,"href":"https:\/\/petras-blog.eu\/index.php?rest_route=%2Fwp%2Fv2%2Ftags&post=12"}],"curies":[{"name":"wp","href":"https:\/\/api.w.org\/{rel}","templated":true}]}}